{"id":3893,"date":"2023-02-07T10:52:05","date_gmt":"2023-02-07T09:52:05","guid":{"rendered":"https:\/\/brsv-vogtland.de\/?p=3893"},"modified":"2023-02-07T11:32:22","modified_gmt":"2023-02-07T10:32:22","slug":"unsere-zweite-wanderung-2023","status":"publish","type":"post","link":"https:\/\/brsv-vogtland.de\/?p=3893","title":{"rendered":"Zweite Aktion der Wandergruppe 2023"},"content":{"rendered":"\n<p class=\"has-medium-font-size\">Erste Wanderung entlang dem Elstertal<\/p>\n\n\n\n<p class=\"has-drop-cap\">Am Sonntag, den 05.02.2023 fand unsere erste Wanderung des Jahres 2023 statt. Wir starteten gem\u00fctlich auf dem Elsterradweg Richtung Stra\u00dfberg. Danach eine kurze Waldstrecke nach K\u00fcrbitz. Dort wollten wir uns eigentlich zum Mittagessen in der Fleischerei &amp; Gastwirtschaft Zsch\u00e4k niederlassen. Leider hatten sie Urlaub und das Einkehren blieb aus. Wir haben uns nicht unterkriegen lassen. Die Familie unserer Wanderleiterin hat uns sehr gut versorgt. Sie haben uns in K\u00fcrbitz mit Gl\u00fchwein, Kaffee und warmen Essen in Empfang genommen. Daf\u00fcr bedanken wir uns ganz herzlich. Nach unserer nahrhaften und angenehmen Pause machten wir uns entspannt auf den R\u00fcckweg. Auf dem Elsterradweg zur\u00fcck sahen wir Fischreiher, Enten und Schw\u00e4ne. Unsere n\u00e4chste Wanderung findet am 19.03.2023 nach Thiergarten statt. Wir freuen uns sehr darauf.<\/p>\n\n\n\n<figure class=\"wp-block-gallery columns-2 is-cropped wp-block-gallery-1 is-layout-flex wp-block-gallery-is-layout-flex\"><ul class=\"blocks-gallery-grid\"><li class=\"blocks-gallery-item\"><figure><a href=\"https:\/\/brsv-vogtland.de\/wp-content\/uploads\/2023\/02\/IMG_20230205_111641.jpg\"><img loading=\"lazy\" decoding=\"async\" width=\"450\" height=\"600\" src=\"https:\/\/brsv-vogtland.de\/wp-content\/uploads\/2023\/02\/IMG_20230205_111641.jpg\" alt=\"\" data-id=\"3904\" data-full-url=\"https:\/\/brsv-vogtland.de\/wp-content\/uploads\/2023\/02\/IMG_20230205_111641.jpg\" data-link=\"https:\/\/brsv-vogtland.de\/?attachment_id=3904\" class=\"wp-image-3904\" srcset=\"https:\/\/brsv-vogtland.de\/wp-content\/uploads\/2023\/02\/IMG_20230205_111641.jpg 450w, https:\/\/brsv-vogtland.de\/wp-content\/uploads\/2023\/02\/IMG_20230205_111641-225x300.jpg 225w\" sizes=\"auto, (max-width: 450px) 85vw, 450px\" \/><\/a><\/figure><\/li><li class=\"blocks-gallery-item\"><figure><a href=\"https:\/\/brsv-vogtland.de\/wp-content\/uploads\/2023\/02\/Screenshot_20230206_085110.jpg\"><img loading=\"lazy\" decoding=\"async\" width=\"806\" height=\"1024\" src=\"https:\/\/brsv-vogtland.de\/wp-content\/uploads\/2023\/02\/Screenshot_20230206_085110-806x1024.jpg\" alt=\"\" data-id=\"3905\" data-full-url=\"https:\/\/brsv-vogtland.de\/wp-content\/uploads\/2023\/02\/Screenshot_20230206_085110.jpg\" data-link=\"https:\/\/brsv-vogtland.de\/?attachment_id=3905\" class=\"wp-image-3905\" srcset=\"https:\/\/brsv-vogtland.de\/wp-content\/uploads\/2023\/02\/Screenshot_20230206_085110-806x1024.jpg 806w, https:\/\/brsv-vogtland.de\/wp-content\/uploads\/2023\/02\/Screenshot_20230206_085110-236x300.jpg 236w, https:\/\/brsv-vogtland.de\/wp-content\/uploads\/2023\/02\/Screenshot_20230206_085110-768x976.jpg 768w, https:\/\/brsv-vogtland.de\/wp-content\/uploads\/2023\/02\/Screenshot_20230206_085110.jpg 1080w\" sizes=\"auto, (max-width: 709px) 85vw, (max-width: 909px) 67vw, (max-width: 984px) 61vw, (max-width: 1362px) 45vw, 600px\" \/><\/a><\/figure><\/li><li class=\"blocks-gallery-item\"><figure><a href=\"https:\/\/brsv-vogtland.de\/wp-content\/uploads\/2023\/02\/Screenshot_20230206_085121.jpg\"><img loading=\"lazy\" decoding=\"async\" width=\"812\" height=\"1024\" src=\"https:\/\/brsv-vogtland.de\/wp-content\/uploads\/2023\/02\/Screenshot_20230206_085121-812x1024.jpg\" alt=\"\" data-id=\"3906\" data-full-url=\"https:\/\/brsv-vogtland.de\/wp-content\/uploads\/2023\/02\/Screenshot_20230206_085121.jpg\" data-link=\"https:\/\/brsv-vogtland.de\/?attachment_id=3906\" class=\"wp-image-3906\" srcset=\"https:\/\/brsv-vogtland.de\/wp-content\/uploads\/2023\/02\/Screenshot_20230206_085121-812x1024.jpg 812w, https:\/\/brsv-vogtland.de\/wp-content\/uploads\/2023\/02\/Screenshot_20230206_085121-238x300.jpg 238w, https:\/\/brsv-vogtland.de\/wp-content\/uploads\/2023\/02\/Screenshot_20230206_085121-768x969.jpg 768w, https:\/\/brsv-vogtland.de\/wp-content\/uploads\/2023\/02\/Screenshot_20230206_085121.jpg 1080w\" sizes=\"auto, (max-width: 709px) 85vw, (max-width: 909px) 67vw, (max-width: 984px) 61vw, (max-width: 1362px) 45vw, 600px\" \/><\/a><\/figure><\/li><li class=\"blocks-gallery-item\"><figure><a href=\"https:\/\/brsv-vogtland.de\/wp-content\/uploads\/2023\/02\/Screenshot_20230206_085131.jpg\"><img loading=\"lazy\" decoding=\"async\" width=\"798\" height=\"1024\" src=\"https:\/\/brsv-vogtland.de\/wp-content\/uploads\/2023\/02\/Screenshot_20230206_085131-798x1024.jpg\" alt=\"\" data-id=\"3907\" data-full-url=\"https:\/\/brsv-vogtland.de\/wp-content\/uploads\/2023\/02\/Screenshot_20230206_085131.jpg\" data-link=\"https:\/\/brsv-vogtland.de\/?attachment_id=3907\" class=\"wp-image-3907\" srcset=\"https:\/\/brsv-vogtland.de\/wp-content\/uploads\/2023\/02\/Screenshot_20230206_085131-798x1024.jpg 798w, https:\/\/brsv-vogtland.de\/wp-content\/uploads\/2023\/02\/Screenshot_20230206_085131-234x300.jpg 234w, https:\/\/brsv-vogtland.de\/wp-content\/uploads\/2023\/02\/Screenshot_20230206_085131-768x985.jpg 768w, https:\/\/brsv-vogtland.de\/wp-content\/uploads\/2023\/02\/Screenshot_20230206_085131.jpg 1080w\" sizes=\"auto, (max-width: 709px) 85vw, (max-width: 909px) 67vw, (max-width: 984px) 61vw, (max-width: 1362px) 45vw, 600px\" \/><\/a><\/figure><\/li><li class=\"blocks-gallery-item\"><figure><a href=\"https:\/\/brsv-vogtland.de\/wp-content\/uploads\/2023\/02\/Screenshot_20230206_085139.jpg\"><img loading=\"lazy\" decoding=\"async\" width=\"794\" height=\"1024\" src=\"https:\/\/brsv-vogtland.de\/wp-content\/uploads\/2023\/02\/Screenshot_20230206_085139-794x1024.jpg\" alt=\"\" data-id=\"3908\" data-full-url=\"https:\/\/brsv-vogtland.de\/wp-content\/uploads\/2023\/02\/Screenshot_20230206_085139.jpg\" data-link=\"https:\/\/brsv-vogtland.de\/?attachment_id=3908\" class=\"wp-image-3908\" srcset=\"https:\/\/brsv-vogtland.de\/wp-content\/uploads\/2023\/02\/Screenshot_20230206_085139-794x1024.jpg 794w, https:\/\/brsv-vogtland.de\/wp-content\/uploads\/2023\/02\/Screenshot_20230206_085139-233x300.jpg 233w, https:\/\/brsv-vogtland.de\/wp-content\/uploads\/2023\/02\/Screenshot_20230206_085139-768x991.jpg 768w, https:\/\/brsv-vogtland.de\/wp-content\/uploads\/2023\/02\/Screenshot_20230206_085139.jpg 1080w\" sizes=\"auto, (max-width: 709px) 85vw, (max-width: 909px) 67vw, (max-width: 984px) 61vw, (max-width: 1362px) 45vw, 600px\" \/><\/a><\/figure><\/li><li class=\"blocks-gallery-item\"><figure><a href=\"https:\/\/brsv-vogtland.de\/wp-content\/uploads\/2023\/02\/Screenshot_20230206_085147.jpg\"><img loading=\"lazy\" decoding=\"async\" width=\"794\" height=\"1024\" src=\"https:\/\/brsv-vogtland.de\/wp-content\/uploads\/2023\/02\/Screenshot_20230206_085147-794x1024.jpg\" alt=\"\" data-id=\"3909\" data-full-url=\"https:\/\/brsv-vogtland.de\/wp-content\/uploads\/2023\/02\/Screenshot_20230206_085147.jpg\" data-link=\"https:\/\/brsv-vogtland.de\/?attachment_id=3909\" class=\"wp-image-3909\" srcset=\"https:\/\/brsv-vogtland.de\/wp-content\/uploads\/2023\/02\/Screenshot_20230206_085147-794x1024.jpg 794w, https:\/\/brsv-vogtland.de\/wp-content\/uploads\/2023\/02\/Screenshot_20230206_085147-233x300.jpg 233w, https:\/\/brsv-vogtland.de\/wp-content\/uploads\/2023\/02\/Screenshot_20230206_085147-768x990.jpg 768w, https:\/\/brsv-vogtland.de\/wp-content\/uploads\/2023\/02\/Screenshot_20230206_085147.jpg 1080w\" sizes=\"auto, (max-width: 709px) 85vw, (max-width: 909px) 67vw, (max-width: 984px) 61vw, (max-width: 1362px) 45vw, 600px\" \/><\/a><\/figure><\/li><\/ul><\/figure>\n","protected":false},"excerpt":{"rendered":"<p>Erste Wanderung entlang dem Elstertal Am Sonntag, den 05.02.2023 fand unsere erste Wanderung des Jahres 2023 statt. Wir starteten gem\u00fctlich auf dem Elsterradweg Richtung Stra\u00dfberg. Danach eine kurze Waldstrecke nach K\u00fcrbitz. Dort wollten wir uns eigentlich zum Mittagessen in der Fleischerei &amp; Gastwirtschaft Zsch\u00e4k niederlassen. Leider hatten sie Urlaub und das Einkehren blieb aus. Wir &hellip; <a href=\"https:\/\/brsv-vogtland.de\/?p=3893\" class=\"more-link\"><span class=\"screen-reader-text\">\u201eZweite Aktion der Wandergruppe 2023\u201c<\/span> weiterlesen<\/a><\/p>\n","protected":false},"author":77,"featured_media":3899,"comment_status":"open","ping_status":"closed","sticky":false,"template":"","format":"standard","meta":{"_uag_custom_page_level_css":"","footnotes":""},"categories":[1],"tags":[],"table_tags":[],"class_list":["post-3893","post","type-post","status-publish","format-standard","has-post-thumbnail","hentry","category-allgemein"],"uagb_featured_image_src":{"full":["https:\/\/brsv-vogtland.de\/wp-content\/uploads\/2023\/02\/IMG_20230205_113337-1-scaled.jpg",2560,2298,false],"thumbnail":["https:\/\/brsv-vogtland.de\/wp-content\/uploads\/2023\/02\/IMG_20230205_113337-1-150x150.jpg",150,150,true],"medium":["https:\/\/brsv-vogtland.de\/wp-content\/uploads\/2023\/02\/IMG_20230205_113337-1-300x269.jpg",300,269,true],"medium_large":["https:\/\/brsv-vogtland.de\/wp-content\/uploads\/2023\/02\/IMG_20230205_113337-1-768x689.jpg",768,689,true],"large":["https:\/\/brsv-vogtland.de\/wp-content\/uploads\/2023\/02\/IMG_20230205_113337-1-1024x919.jpg",840,754,true],"1536x1536":["https:\/\/brsv-vogtland.de\/wp-content\/uploads\/2023\/02\/IMG_20230205_113337-1-1536x1379.jpg",1536,1379,true],"2048x2048":["https:\/\/brsv-vogtland.de\/wp-content\/uploads\/2023\/02\/IMG_20230205_113337-1-2048x1838.jpg",2048,1838,true],"post-thumbnail":["https:\/\/brsv-vogtland.de\/wp-content\/uploads\/2023\/02\/IMG_20230205_113337-1-1200x1077.jpg",1200,1077,true]},"uagb_author_info":{"display_name":"inge bartsch","author_link":"https:\/\/brsv-vogtland.de\/?author=77"},"uagb_comment_info":7,"uagb_excerpt":"Erste Wanderung entlang dem Elstertal Am Sonntag, den 05.02.2023 fand unsere erste Wanderung des Jahres 2023 statt. Wir starteten gem\u00fctlich auf dem Elsterradweg Richtung Stra\u00dfberg. Danach eine kurze Waldstrecke nach K\u00fcrbitz. Dort wollten wir uns eigentlich zum Mittagessen in der Fleischerei &amp; Gastwirtschaft Zsch\u00e4k niederlassen. Leider hatten sie Urlaub und das Einkehren blieb aus. Wir&hellip;","_links":{"self":[{"href":"https:\/\/brsv-vogtland.de\/index.php?rest_route=\/wp\/v2\/posts\/3893","targetHints":{"allow":["GET"]}}],"collection":[{"href":"https:\/\/brsv-vogtland.de\/index.php?rest_route=\/wp\/v2\/posts"}],"about":[{"href":"https:\/\/brsv-vogtland.de\/index.php?rest_route=\/wp\/v2\/types\/post"}],"author":[{"embeddable":true,"href":"https:\/\/brsv-vogtland.de\/index.php?rest_route=\/wp\/v2\/users\/77"}],"replies":[{"embeddable":true,"href":"https:\/\/brsv-vogtland.de\/index.php?rest_route=%2Fwp%2Fv2%2Fcomments&post=3893"}],"version-history":[{"count":4,"href":"https:\/\/brsv-vogtland.de\/index.php?rest_route=\/wp\/v2\/posts\/3893\/revisions"}],"predecessor-version":[{"id":3910,"href":"https:\/\/brsv-vogtland.de\/index.php?rest_route=\/wp\/v2\/posts\/3893\/revisions\/3910"}],"wp:featuredmedia":[{"embeddable":true,"href":"https:\/\/brsv-vogtland.de\/index.php?rest_route=\/wp\/v2\/media\/3899"}],"wp:attachment":[{"href":"https:\/\/brsv-vogtland.de\/index.php?rest_route=%2Fwp%2Fv2%2Fmedia&parent=3893"}],"wp:term":[{"taxonomy":"category","embeddable":true,"href":"https:\/\/brsv-vogtland.de\/index.php?rest_route=%2Fwp%2Fv2%2Fcategories&post=3893"},{"taxonomy":"post_tag","embeddable":true,"href":"https:\/\/brsv-vogtland.de\/index.php?rest_route=%2Fwp%2Fv2%2Ftags&post=3893"},{"taxonomy":"table_tags","embeddable":true,"href":"https:\/\/brsv-vogtland.de\/index.php?rest_route=%2Fwp%2Fv2%2Ftable_tags&post=3893"}],"curies":[{"name":"wp","href":"https:\/\/api.w.org\/{rel}","templated":true}]}}